{"id":39,"count":10,"description":"baldes de lixo para instala\u00e7\u00e3o em gavetas ","link":"https:\/\/ferragenspereira.pt\/?product_cat=lixo-gavetao","name":"Balde lixo gavet\u00e3o","slug":"lixo-gavetao","taxonomy":"product_cat","parent":37,"meta":[],"yoast_head":"<!-- This site is optimized with the Yoast SEO plugin v22.5 - https:\/\/yoast.com\/wordpress\/plugins\/seo\/ -->\n<title>Arquivo de Balde lixo gavet\u00e3o -<\/title>\n<meta name=\"robots\" content=\"index, follow, max-snippet:-1, max-image-preview:large, max-video-preview:-1\" \/>\n<link rel=\"canonical\" href=\"https:\/\/ferragenspereira.pt\/?product_cat=lixo-gavetao\" \/>\n<meta property=\"og:locale\" content=\"pt_PT\" \/>\n<meta property=\"og:type\" content=\"article\" \/>\n<meta property=\"og:title\" content=\"Arquivo de Balde lixo gavet\u00e3o -\" \/>\n<meta property=\"og:description\" content=\"baldes de lixo para instala\u00e7\u00e3o em gavetas\" \/>\n<meta property=\"og:url\" content=\"https:\/\/ferragenspereira.pt\/?product_cat=lixo-gavetao\" \/>\n<meta name=\"twitter:card\" content=\"summary_large_image\" \/>\n<script type=\"application\/ld+json\" class=\"yoast-schema-graph\">{\"@context\":\"https:\/\/schema.org\",\"@graph\":[{\"@type\":\"CollectionPage\",\"@id\":\"https:\/\/ferragenspereira.pt\/?product_cat=lixo-gavetao\",\"url\":\"https:\/\/ferragenspereira.pt\/?product_cat=lixo-gavetao\",\"name\":\"Arquivo de Balde lixo gavet\u00e3o -\",\"isPartOf\":{\"@id\":\"https:\/\/ferragenspereira.pt\/#website\"},\"breadcrumb\":{\"@id\":\"https:\/\/ferragenspereira.pt\/?product_cat=lixo-gavetao#breadcrumb\"},\"inLanguage\":\"pt-PT\"},{\"@type\":\"BreadcrumbList\",\"@id\":\"https:\/\/ferragenspereira.pt\/?product_cat=lixo-gavetao#breadcrumb\",\"itemListElement\":[{\"@type\":\"ListItem\",\"position\":1,\"name\":\"In\u00edcio\",\"item\":\"https:\/\/ferragenspereira.pt\/\"},{\"@type\":\"ListItem\",\"position\":2,\"name\":\"Acess\u00f3rios interior de cozinha\",\"item\":\"https:\/\/ferragenspereira.pt\/?product_cat=aramados-arrumacao-interiores-cozinha\"},{\"@type\":\"ListItem\",\"position\":3,\"name\":\"baldes do lixo\",\"item\":\"https:\/\/ferragenspereira.pt\/?product_cat=baldes-do-lixo\"},{\"@type\":\"ListItem\",\"position\":4,\"name\":\"Balde lixo gavet\u00e3o\"}]},{\"@type\":\"WebSite\",\"@id\":\"https:\/\/ferragenspereira.pt\/#website\",\"url\":\"https:\/\/ferragenspereira.pt\/\",\"name\":\"Ferragens Pereira Lda\",\"description\":\"\",\"publisher\":{\"@id\":\"https:\/\/ferragenspereira.pt\/#organization\"},\"potentialAction\":[{\"@type\":\"SearchAction\",\"target\":{\"@type\":\"EntryPoint\",\"urlTemplate\":\"https:\/\/ferragenspereira.pt\/?s={search_term_string}\"},\"query-input\":\"required name=search_term_string\"}],\"inLanguage\":\"pt-PT\"},{\"@type\":\"Organization\",\"@id\":\"https:\/\/ferragenspereira.pt\/#organization\",\"name\":\"Ferragens Pereira Lda\",\"url\":\"https:\/\/ferragenspereira.pt\/\",\"logo\":{\"@type\":\"ImageObject\",\"inLanguage\":\"pt-PT\",\"@id\":\"https:\/\/ferragenspereira.pt\/#\/schema\/logo\/image\/\",\"url\":\"https:\/\/ferragenspereira.pt\/wp-content\/uploads\/2024\/04\/cropped-Logo.jpg\",\"contentUrl\":\"https:\/\/ferragenspereira.pt\/wp-content\/uploads\/2024\/04\/cropped-Logo.jpg\",\"width\":898,\"height\":817,\"caption\":\"Ferragens Pereira Lda\"},\"image\":{\"@id\":\"https:\/\/ferragenspereira.pt\/#\/schema\/logo\/image\/\"}}]}<\/script>\n<!-- \/ Yoast SEO plugin. -->","yoast_head_json":{"title":"Arquivo de Balde lixo gavet\u00e3o -","robots":{"index":"index","follow":"follow","max-snippet":"max-snippet:-1","max-image-preview":"max-image-preview:large","max-video-preview":"max-video-preview:-1"},"canonical":"https:\/\/ferragenspereira.pt\/?product_cat=lixo-gavetao","og_locale":"pt_PT","og_type":"article","og_title":"Arquivo de Balde lixo gavet\u00e3o -","og_description":"baldes de lixo para instala\u00e7\u00e3o em gavetas","og_url":"https:\/\/ferragenspereira.pt\/?product_cat=lixo-gavetao","twitter_card":"summary_large_image","schema":{"@context":"https:\/\/schema.org","@graph":[{"@type":"CollectionPage","@id":"https:\/\/ferragenspereira.pt\/?product_cat=lixo-gavetao","url":"https:\/\/ferragenspereira.pt\/?product_cat=lixo-gavetao","name":"Arquivo de Balde lixo gavet\u00e3o -","isPartOf":{"@id":"https:\/\/ferragenspereira.pt\/#website"},"breadcrumb":{"@id":"https:\/\/ferragenspereira.pt\/?product_cat=lixo-gavetao#breadcrumb"},"inLanguage":"pt-PT"},{"@type":"BreadcrumbList","@id":"https:\/\/ferragenspereira.pt\/?product_cat=lixo-gavetao#breadcrumb","itemListElement":[{"@type":"ListItem","position":1,"name":"In\u00edcio","item":"https:\/\/ferragenspereira.pt\/"},{"@type":"ListItem","position":2,"name":"Acess\u00f3rios interior de cozinha","item":"https:\/\/ferragenspereira.pt\/?product_cat=aramados-arrumacao-interiores-cozinha"},{"@type":"ListItem","position":3,"name":"baldes do lixo","item":"https:\/\/ferragenspereira.pt\/?product_cat=baldes-do-lixo"},{"@type":"ListItem","position":4,"name":"Balde lixo gavet\u00e3o"}]},{"@type":"WebSite","@id":"https:\/\/ferragenspereira.pt\/#website","url":"https:\/\/ferragenspereira.pt\/","name":"Ferragens Pereira Lda","description":"","publisher":{"@id":"https:\/\/ferragenspereira.pt\/#organization"},"potentialAction":[{"@type":"SearchAction","target":{"@type":"EntryPoint","urlTemplate":"https:\/\/ferragenspereira.pt\/?s={search_term_string}"},"query-input":"required name=search_term_string"}],"inLanguage":"pt-PT"},{"@type":"Organization","@id":"https:\/\/ferragenspereira.pt\/#organization","name":"Ferragens Pereira Lda","url":"https:\/\/ferragenspereira.pt\/","logo":{"@type":"ImageObject","inLanguage":"pt-PT","@id":"https:\/\/ferragenspereira.pt\/#\/schema\/logo\/image\/","url":"https:\/\/ferragenspereira.pt\/wp-content\/uploads\/2024\/04\/cropped-Logo.jpg","contentUrl":"https:\/\/ferragenspereira.pt\/wp-content\/uploads\/2024\/04\/cropped-Logo.jpg","width":898,"height":817,"caption":"Ferragens Pereira Lda"},"image":{"@id":"https:\/\/ferragenspereira.pt\/#\/schema\/logo\/image\/"}}]}},"_links":{"self":[{"href":"https:\/\/ferragenspereira.pt\/index.php?rest_route=\/wp\/v2\/product_cat\/39","targetHints":{"allow":["GET"]}}],"collection":[{"href":"https:\/\/ferragenspereira.pt\/index.php?rest_route=\/wp\/v2\/product_cat"}],"about":[{"href":"https:\/\/ferragenspereira.pt\/index.php?rest_route=\/wp\/v2\/taxonomies\/product_cat"}],"up":[{"embeddable":true,"href":"https:\/\/ferragenspereira.pt\/index.php?rest_route=\/wp\/v2\/product_cat\/37"}],"wp:post_type":[{"href":"https:\/\/ferragenspereira.pt\/index.php?rest_route=%2Fwp%2Fv2%2Fproduct&product_cat=39"}],"curies":[{"name":"wp","href":"https:\/\/api.w.org\/{rel}","templated":true}]}}